{"id":399,"date":"2021-08-22T13:03:18","date_gmt":"2021-08-22T11:03:18","guid":{"rendered":"https:\/\/www.inselreunion.de\/?p=399"},"modified":"2021-08-22T13:03:22","modified_gmt":"2021-08-22T11:03:22","slug":"cilaos-und-der-cirque-de-cilaos-insel-la-reunion","status":"publish","type":"post","link":"https:\/\/www.inselreunion.de\/index.php\/cilaos-und-der-cirque-de-cilaos-insel-la-reunion\/","title":{"rendered":"Cilaos und der Cirque de Cilaos Insel La R\u00e9union"},"content":{"rendered":"<p>Der Cirque de Cilaos auf der Insel La R\u00e9union liegt zusammen mit dem Dorf Cilaos im Herzen der Insel La R\u00e9union auf knapp \u00fcber 1200m H\u00f6he.<br \/>\nZusammen mit dem Cirque de Salazie und Cirque de Mafate geh\u00f6rt der Cirque de Cilaos mit dem alles \u00fcberragenden Piton des Neiges (3.070 m) seit 2010 zum Nationalpark und UNESCO-Weltnaturerbe der Insel La R\u00e9union.<\/p>\n<p>Der Stra\u00dfenbau nach Cilaos begann in 1927. Er dauerte \u00fcber acht Jahre und verbindet noch heute das Herz der Insel mit dem im S\u00fcdwesten gelegenen Dorf Saint Louis.<br \/>\nDas Bauen von Stra\u00dfen stellt auf La R\u00e9union bis heute auf der ganzen Insel gro\u00dfe Herausforderungen dar. Anders als fr\u00fcher, werden heute Spezialisten aus der ganzen Welt dazu beauftragt (zum Beispiel beim Neubau der &#8222;Route du Littoral&#8220;, begonnen in 2014).<\/p>\n<p>&nbsp;<\/p>\n<p><img loading=\"lazy\" decoding=\"async\" class=\"size-medium wp-image-408 aligncenter\" src=\"https:\/\/www.inselreunion.de\/wp-content\/uploads\/2021\/08\/Cilaos-4-300x200.jpeg\" alt=\"Dorf und Cirque de Cilaos La R\u00e9union\" width=\"300\" height=\"200\" srcset=\"https:\/\/www.inselreunion.de\/wp-content\/uploads\/2021\/08\/Cilaos-4-300x200.jpeg 300w, https:\/\/www.inselreunion.de\/wp-content\/uploads\/2021\/08\/Cilaos-4-150x100.jpeg 150w, https:\/\/www.inselreunion.de\/wp-content\/uploads\/2021\/08\/Cilaos-4.jpeg 750w\" sizes=\"auto, (max-width: 300px) 100vw, 300px\" \/><\/p>\n<p>&nbsp;<\/p>\n<h3>Der Bau der Stra\u00dfe nach Cilaos dauerte \u00fcber acht Jahre<\/h3>\n<p>Beim Bau der Stra\u00dfe durch den Cirque de Cilaos waren auch Arbeiter aus Madagaskar im Einsatz. Ein Gro\u00dfteil der Stra\u00dfenabschnitte wurde aus dem Fels herausgeschlagen. Sprengungen gab es nicht. Eine Fahrt nach Cilaos ist deshalb nicht nur landschaftlich ein echter H\u00f6hepunkt bei einer Inselerkundung. Die geschichtlichen Hintergr\u00fcnde dieses Stra\u00dfenbau machen aus der Fahrt hoch nach Cilaos ein echtes Erlebnis.<\/p>\n<p>&nbsp;<\/p>\n<h3>Das Dorf und der Cirque de Cilaos heute<\/h3>\n<p>Das ehemals abgeschiedene und schwer zug\u00e4ngliche Dorf Cilaos hat sich zu einem touristischen Vorzeigedorf entwickelt.<br \/>\nKaum ein Besucher l\u00e4sst sich einen Aufenthalt mit \u00dcbernachtung im Herzen der Insel im Cirque und Dorf von Cilaos entgehen.<br \/>\nAu\u00dferdem starten von Cilaos aus verschiedene Wanderungen zum Piton des Neiges, in den Cirque de Mafate und r\u00fcber zur Plaine des Palmistes. Das Dorf ist quasi ein Etappenziel der meisten Rundwanderungen innerhalb der Cirques.<br \/>\n<a href=\"https:\/\/www.insel-la-reunion.com\/entdecken\/die-drei-talkessel\/der-talkessel-cilaos\/\" target=\"_blank\" rel=\"noopener\">Der Kurort Cilaos<\/a> z\u00e4hlt noch immer zu den &#8222;sch\u00f6nsten D\u00f6rfern Frankreichs&#8220;<\/p>\n<p>&nbsp;<\/p>\n<p><img loading=\"lazy\" decoding=\"async\" class=\"size-medium wp-image-409 aligncenter\" src=\"https:\/\/www.inselreunion.de\/wp-content\/uploads\/2021\/08\/Cilaos-3-300x200.jpeg\" alt=\"Cilaos und Cirque de Cilaos \" width=\"300\" height=\"200\" srcset=\"https:\/\/www.inselreunion.de\/wp-content\/uploads\/2021\/08\/Cilaos-3-300x200.jpeg 300w, https:\/\/www.inselreunion.de\/wp-content\/uploads\/2021\/08\/Cilaos-3-150x100.jpeg 150w, https:\/\/www.inselreunion.de\/wp-content\/uploads\/2021\/08\/Cilaos-3.jpeg 750w\" sizes=\"auto, (max-width: 300px) 100vw, 300px\" \/><\/p>\n<p>&nbsp;<\/p>\n<h3>Das Grand Hotel des Thermes von Cilaos<\/h3>\n<p>&nbsp;<\/p>\n<p>Ende der 90 er Jahre schloss das &#8222;Hotel des Thermes&#8220; am Ortsrand von Cilaos, mit Panoramalage,\u00a0 die Tore.<br \/>\nVon 1936 bis 1998 dienten vor allem aus Frankreich kommenden Kurg\u00e4sten die heilende Energie der Therme und die gute Luft von Cilaos zur Regeneration.<br \/>\nSeit April 2021 ist bekannt, dass aus dem &#8222;Ancien H\u00f4tel des Thermes&#8220; auf absehbare Zeit ein sch\u00f6nes kleines 4* Hotel mit ca. 40 Zimmern und Wellnessbereich entstehen soll.<br \/>\nVoller Spannung erwarten wir den neuen <a href=\"http:\/\/www.alizee-reisen.de\" target=\"_blank\" rel=\"noopener\">H\u00f6hepunkt in Cilaos f\u00fcr unsere G\u00e4ste<\/a><\/p>\n","protected":false},"excerpt":{"rendered":"<p>Der Cirque de Cilaos auf der Insel La R\u00e9union liegt zusammen mit dem Dorf Cilaos im Herzen der Insel La R\u00e9union auf knapp \u00fcber 1200m H\u00f6he. Zusammen mit dem Cirque de Salazie und Cirque de Mafate geh\u00f6rt der Cirque de Cilaos mit dem alles \u00fcberragenden Piton des Neiges (3.070 m) seit 2010 zum Nationalpark und [&hellip;]<\/p>\n","protected":false},"author":2,"featured_media":410,"comment_status":"open","ping_status":"open","sticky":false,"template":"","format":"standard","meta":{"footnotes":""},"categories":[10],"tags":[],"class_list":["post-399","post","type-post","status-publish","format-standard","has-post-thumbnail","hentry","category-reisetipps","wpbf-post"],"yoast_head":"<!-- This site is optimized with the Yoast SEO plugin v23.5 - https:\/\/yoast.com\/wordpress\/plugins\/seo\/ -->\n<title>Cilaos und der Cirque de Cilaos Insel La R\u00e9union - Insel La Reunion<\/title>\n<meta name=\"description\" content=\"Das Dorf Cilaos liegt im Herzen des Cirque de Cilaos im UNESCO Weltnaturerbe Nationalpark der Insel La R\u00e9union. Erfahren Sie mehr \u00fcber Cilaos\" \/>\n<meta name=\"robots\" content=\"index, follow, max-snippet:-1, max-image-preview:large, max-video-preview:-1\" \/>\n<link rel=\"canonical\" href=\"https:\/\/www.inselreunion.de\/index.php\/cilaos-und-der-cirque-de-cilaos-insel-la-reunion\/\" \/>\n<meta property=\"og:locale\" content=\"de_DE\" \/>\n<meta property=\"og:type\" content=\"article\" \/>\n<meta property=\"og:title\" content=\"Cilaos und der Cirque de Cilaos Insel La R\u00e9union - Insel La Reunion\" \/>\n<meta property=\"og:description\" content=\"Das Dorf Cilaos liegt im Herzen des Cirque de Cilaos im UNESCO Weltnaturerbe Nationalpark der Insel La R\u00e9union. Erfahren Sie mehr \u00fcber Cilaos\" \/>\n<meta property=\"og:url\" content=\"https:\/\/www.inselreunion.de\/index.php\/cilaos-und-der-cirque-de-cilaos-insel-la-reunion\/\" \/>\n<meta property=\"og:site_name\" content=\"Insel La Reunion\" \/>\n<meta property=\"article:author\" content=\"https:\/\/www.facebook.com\/indischerozean\" \/>\n<meta property=\"article:published_time\" content=\"2021-08-22T11:03:18+00:00\" \/>\n<meta property=\"article:modified_time\" content=\"2021-08-22T11:03:22+00:00\" \/>\n<meta property=\"og:image\" content=\"https:\/\/www.inselreunion.de\/wp-content\/uploads\/2021\/08\/Cilaos-2.jpeg\" \/>\n\t<meta property=\"og:image:width\" content=\"500\" \/>\n\t<meta property=\"og:image:height\" content=\"750\" \/>\n\t<meta property=\"og:image:type\" content=\"image\/jpeg\" \/>\n<meta name=\"author\" content=\"Birgit Schumacher\" \/>\n<meta name=\"twitter:card\" content=\"summary_large_image\" \/>\n<meta name=\"twitter:label1\" content=\"Verfasst von\" \/>\n\t<meta name=\"twitter:data1\" content=\"Birgit Schumacher\" \/>\n\t<meta name=\"twitter:label2\" content=\"Gesch\u00e4tzte Lesezeit\" \/>\n\t<meta name=\"twitter:data2\" content=\"3\u00a0Minuten\" \/>\n<script type=\"application\/ld+json\" class=\"yoast-schema-graph\">{\"@context\":\"https:\/\/schema.org\",\"@graph\":[{\"@type\":\"Article\",\"@id\":\"https:\/\/www.inselreunion.de\/index.php\/cilaos-und-der-cirque-de-cilaos-insel-la-reunion\/#article\",\"isPartOf\":{\"@id\":\"https:\/\/www.inselreunion.de\/index.php\/cilaos-und-der-cirque-de-cilaos-insel-la-reunion\/\"},\"author\":{\"name\":\"Birgit Schumacher\",\"@id\":\"https:\/\/www.inselreunion.de\/#\/schema\/person\/1153541f4ce4f149c1ba5b32a66bd2f0\"},\"headline\":\"Cilaos und der Cirque de Cilaos Insel La R\u00e9union\",\"datePublished\":\"2021-08-22T11:03:18+00:00\",\"dateModified\":\"2021-08-22T11:03:22+00:00\",\"mainEntityOfPage\":{\"@id\":\"https:\/\/www.inselreunion.de\/index.php\/cilaos-und-der-cirque-de-cilaos-insel-la-reunion\/\"},\"wordCount\":411,\"commentCount\":0,\"publisher\":{\"@id\":\"https:\/\/www.inselreunion.de\/#organization\"},\"image\":{\"@id\":\"https:\/\/www.inselreunion.de\/index.php\/cilaos-und-der-cirque-de-cilaos-insel-la-reunion\/#primaryimage\"},\"thumbnailUrl\":\"https:\/\/www.inselreunion.de\/wp-content\/uploads\/2021\/08\/Cilaos-2.jpeg\",\"articleSection\":[\"Reisetipps\"],\"inLanguage\":\"de\",\"potentialAction\":[{\"@type\":\"CommentAction\",\"name\":\"Comment\",\"target\":[\"https:\/\/www.inselreunion.de\/index.php\/cilaos-und-der-cirque-de-cilaos-insel-la-reunion\/#respond\"]}]},{\"@type\":\"WebPage\",\"@id\":\"https:\/\/www.inselreunion.de\/index.php\/cilaos-und-der-cirque-de-cilaos-insel-la-reunion\/\",\"url\":\"https:\/\/www.inselreunion.de\/index.php\/cilaos-und-der-cirque-de-cilaos-insel-la-reunion\/\",\"name\":\"Cilaos und der Cirque de Cilaos Insel La R\u00e9union - Insel La Reunion\",\"isPartOf\":{\"@id\":\"https:\/\/www.inselreunion.de\/#website\"},\"primaryImageOfPage\":{\"@id\":\"https:\/\/www.inselreunion.de\/index.php\/cilaos-und-der-cirque-de-cilaos-insel-la-reunion\/#primaryimage\"},\"image\":{\"@id\":\"https:\/\/www.inselreunion.de\/index.php\/cilaos-und-der-cirque-de-cilaos-insel-la-reunion\/#primaryimage\"},\"thumbnailUrl\":\"https:\/\/www.inselreunion.de\/wp-content\/uploads\/2021\/08\/Cilaos-2.jpeg\",\"datePublished\":\"2021-08-22T11:03:18+00:00\",\"dateModified\":\"2021-08-22T11:03:22+00:00\",\"description\":\"Das Dorf Cilaos liegt im Herzen des Cirque de Cilaos im UNESCO Weltnaturerbe Nationalpark der Insel La R\u00e9union. Erfahren Sie mehr \u00fcber Cilaos\",\"breadcrumb\":{\"@id\":\"https:\/\/www.inselreunion.de\/index.php\/cilaos-und-der-cirque-de-cilaos-insel-la-reunion\/#breadcrumb\"},\"inLanguage\":\"de\",\"potentialAction\":[{\"@type\":\"ReadAction\",\"target\":[\"https:\/\/www.inselreunion.de\/index.php\/cilaos-und-der-cirque-de-cilaos-insel-la-reunion\/\"]}]},{\"@type\":\"ImageObject\",\"inLanguage\":\"de\",\"@id\":\"https:\/\/www.inselreunion.de\/index.php\/cilaos-und-der-cirque-de-cilaos-insel-la-reunion\/#primaryimage\",\"url\":\"https:\/\/www.inselreunion.de\/wp-content\/uploads\/2021\/08\/Cilaos-2.jpeg\",\"contentUrl\":\"https:\/\/www.inselreunion.de\/wp-content\/uploads\/2021\/08\/Cilaos-2.jpeg\",\"width\":500,\"height\":750,\"caption\":\"Dorf und Cirque de Cilaos\"},{\"@type\":\"BreadcrumbList\",\"@id\":\"https:\/\/www.inselreunion.de\/index.php\/cilaos-und-der-cirque-de-cilaos-insel-la-reunion\/#breadcrumb\",\"itemListElement\":[{\"@type\":\"ListItem\",\"position\":1,\"name\":\"Startseite\",\"item\":\"https:\/\/www.inselreunion.de\/\"},{\"@type\":\"ListItem\",\"position\":2,\"name\":\"Cilaos und der Cirque de Cilaos Insel La R\u00e9union\"}]},{\"@type\":\"WebSite\",\"@id\":\"https:\/\/www.inselreunion.de\/#website\",\"url\":\"https:\/\/www.inselreunion.de\/\",\"name\":\"Insel La Reunion\",\"description\":\"Insel La Reunion\",\"publisher\":{\"@id\":\"https:\/\/www.inselreunion.de\/#organization\"},\"inLanguage\":\"de\"},{\"@type\":\"Organization\",\"@id\":\"https:\/\/www.inselreunion.de\/#organization\",\"name\":\"Insel La Reunion\",\"url\":\"https:\/\/www.inselreunion.de\/\",\"logo\":{\"@type\":\"ImageObject\",\"inLanguage\":\"de\",\"@id\":\"https:\/\/www.inselreunion.de\/#\/schema\/logo\/image\/\",\"url\":\"https:\/\/www.inselreunion.de\/wp-content\/uploads\/2022\/01\/cropped-alizee_logo.png\",\"contentUrl\":\"https:\/\/www.inselreunion.de\/wp-content\/uploads\/2022\/01\/cropped-alizee_logo.png\",\"width\":300,\"height\":149,\"caption\":\"Insel La Reunion\"},\"image\":{\"@id\":\"https:\/\/www.inselreunion.de\/#\/schema\/logo\/image\/\"}},{\"@type\":\"Person\",\"@id\":\"https:\/\/www.inselreunion.de\/#\/schema\/person\/1153541f4ce4f149c1ba5b32a66bd2f0\",\"name\":\"Birgit Schumacher\",\"image\":{\"@type\":\"ImageObject\",\"inLanguage\":\"de\",\"@id\":\"https:\/\/www.inselreunion.de\/#\/schema\/person\/image\/\",\"url\":\"https:\/\/secure.gravatar.com\/avatar\/85a35a2898b91783ca4614f574bf0d7e4fd9bcaf1d73c38559eaff54095a0dbf?s=96&d=mm&r=g\",\"contentUrl\":\"https:\/\/secure.gravatar.com\/avatar\/85a35a2898b91783ca4614f574bf0d7e4fd9bcaf1d73c38559eaff54095a0dbf?s=96&d=mm&r=g\",\"caption\":\"Birgit Schumacher\"},\"description\":\"Die Reiseveranstalterin Birgit Schumacher, Gesch\u00e4ftsf\u00fchrerin der Agentur alizee-Reisen, ist seit \u00fcber 30 Jahren spezialisiert auf die Inselwelt der Maskarenen. Sie verbrachte \u00fcber sieben Jahre auf der Insel La R\u00e9union und ist als spezialisierte Reiseveranstalterin regelm\u00e4\u00dfig vor Ort.\",\"sameAs\":[\"http:\/\/alizee-reisen.de\",\"https:\/\/www.facebook.com\/indischerozean\",\"https:\/\/www.instagram.com\/alizeereisen\/?hl=de\"],\"url\":\"https:\/\/www.inselreunion.de\/index.php\/author\/birgit\/\"}]}<\/script>\n<!-- \/ Yoast SEO plugin. -->","yoast_head_json":{"title":"Cilaos und der Cirque de Cilaos Insel La R\u00e9union - Insel La Reunion","description":"Das Dorf Cilaos liegt im Herzen des Cirque de Cilaos im UNESCO Weltnaturerbe Nationalpark der Insel La R\u00e9union. Erfahren Sie mehr \u00fcber Cilaos","robots":{"index":"index","follow":"follow","max-snippet":"max-snippet:-1","max-image-preview":"max-image-preview:large","max-video-preview":"max-video-preview:-1"},"canonical":"https:\/\/www.inselreunion.de\/index.php\/cilaos-und-der-cirque-de-cilaos-insel-la-reunion\/","og_locale":"de_DE","og_type":"article","og_title":"Cilaos und der Cirque de Cilaos Insel La R\u00e9union - Insel La Reunion","og_description":"Das Dorf Cilaos liegt im Herzen des Cirque de Cilaos im UNESCO Weltnaturerbe Nationalpark der Insel La R\u00e9union. Erfahren Sie mehr \u00fcber Cilaos","og_url":"https:\/\/www.inselreunion.de\/index.php\/cilaos-und-der-cirque-de-cilaos-insel-la-reunion\/","og_site_name":"Insel La Reunion","article_author":"https:\/\/www.facebook.com\/indischerozean","article_published_time":"2021-08-22T11:03:18+00:00","article_modified_time":"2021-08-22T11:03:22+00:00","og_image":[{"width":500,"height":750,"url":"https:\/\/www.inselreunion.de\/wp-content\/uploads\/2021\/08\/Cilaos-2.jpeg","type":"image\/jpeg"}],"author":"Birgit Schumacher","twitter_card":"summary_large_image","twitter_misc":{"Verfasst von":"Birgit Schumacher","Gesch\u00e4tzte Lesezeit":"3\u00a0Minuten"},"schema":{"@context":"https:\/\/schema.org","@graph":[{"@type":"Article","@id":"https:\/\/www.inselreunion.de\/index.php\/cilaos-und-der-cirque-de-cilaos-insel-la-reunion\/#article","isPartOf":{"@id":"https:\/\/www.inselreunion.de\/index.php\/cilaos-und-der-cirque-de-cilaos-insel-la-reunion\/"},"author":{"name":"Birgit Schumacher","@id":"https:\/\/www.inselreunion.de\/#\/schema\/person\/1153541f4ce4f149c1ba5b32a66bd2f0"},"headline":"Cilaos und der Cirque de Cilaos Insel La R\u00e9union","datePublished":"2021-08-22T11:03:18+00:00","dateModified":"2021-08-22T11:03:22+00:00","mainEntityOfPage":{"@id":"https:\/\/www.inselreunion.de\/index.php\/cilaos-und-der-cirque-de-cilaos-insel-la-reunion\/"},"wordCount":411,"commentCount":0,"publisher":{"@id":"https:\/\/www.inselreunion.de\/#organization"},"image":{"@id":"https:\/\/www.inselreunion.de\/index.php\/cilaos-und-der-cirque-de-cilaos-insel-la-reunion\/#primaryimage"},"thumbnailUrl":"https:\/\/www.inselreunion.de\/wp-content\/uploads\/2021\/08\/Cilaos-2.jpeg","articleSection":["Reisetipps"],"inLanguage":"de","potentialAction":[{"@type":"CommentAction","name":"Comment","target":["https:\/\/www.inselreunion.de\/index.php\/cilaos-und-der-cirque-de-cilaos-insel-la-reunion\/#respond"]}]},{"@type":"WebPage","@id":"https:\/\/www.inselreunion.de\/index.php\/cilaos-und-der-cirque-de-cilaos-insel-la-reunion\/","url":"https:\/\/www.inselreunion.de\/index.php\/cilaos-und-der-cirque-de-cilaos-insel-la-reunion\/","name":"Cilaos und der Cirque de Cilaos Insel La R\u00e9union - Insel La Reunion","isPartOf":{"@id":"https:\/\/www.inselreunion.de\/#website"},"primaryImageOfPage":{"@id":"https:\/\/www.inselreunion.de\/index.php\/cilaos-und-der-cirque-de-cilaos-insel-la-reunion\/#primaryimage"},"image":{"@id":"https:\/\/www.inselreunion.de\/index.php\/cilaos-und-der-cirque-de-cilaos-insel-la-reunion\/#primaryimage"},"thumbnailUrl":"https:\/\/www.inselreunion.de\/wp-content\/uploads\/2021\/08\/Cilaos-2.jpeg","datePublished":"2021-08-22T11:03:18+00:00","dateModified":"2021-08-22T11:03:22+00:00","description":"Das Dorf Cilaos liegt im Herzen des Cirque de Cilaos im UNESCO Weltnaturerbe Nationalpark der Insel La R\u00e9union. Erfahren Sie mehr \u00fcber Cilaos","breadcrumb":{"@id":"https:\/\/www.inselreunion.de\/index.php\/cilaos-und-der-cirque-de-cilaos-insel-la-reunion\/#breadcrumb"},"inLanguage":"de","potentialAction":[{"@type":"ReadAction","target":["https:\/\/www.inselreunion.de\/index.php\/cilaos-und-der-cirque-de-cilaos-insel-la-reunion\/"]}]},{"@type":"ImageObject","inLanguage":"de","@id":"https:\/\/www.inselreunion.de\/index.php\/cilaos-und-der-cirque-de-cilaos-insel-la-reunion\/#primaryimage","url":"https:\/\/www.inselreunion.de\/wp-content\/uploads\/2021\/08\/Cilaos-2.jpeg","contentUrl":"https:\/\/www.inselreunion.de\/wp-content\/uploads\/2021\/08\/Cilaos-2.jpeg","width":500,"height":750,"caption":"Dorf und Cirque de Cilaos"},{"@type":"BreadcrumbList","@id":"https:\/\/www.inselreunion.de\/index.php\/cilaos-und-der-cirque-de-cilaos-insel-la-reunion\/#breadcrumb","itemListElement":[{"@type":"ListItem","position":1,"name":"Startseite","item":"https:\/\/www.inselreunion.de\/"},{"@type":"ListItem","position":2,"name":"Cilaos und der Cirque de Cilaos Insel La R\u00e9union"}]},{"@type":"WebSite","@id":"https:\/\/www.inselreunion.de\/#website","url":"https:\/\/www.inselreunion.de\/","name":"Insel La Reunion","description":"Insel La Reunion","publisher":{"@id":"https:\/\/www.inselreunion.de\/#organization"},"inLanguage":"de"},{"@type":"Organization","@id":"https:\/\/www.inselreunion.de\/#organization","name":"Insel La Reunion","url":"https:\/\/www.inselreunion.de\/","logo":{"@type":"ImageObject","inLanguage":"de","@id":"https:\/\/www.inselreunion.de\/#\/schema\/logo\/image\/","url":"https:\/\/www.inselreunion.de\/wp-content\/uploads\/2022\/01\/cropped-alizee_logo.png","contentUrl":"https:\/\/www.inselreunion.de\/wp-content\/uploads\/2022\/01\/cropped-alizee_logo.png","width":300,"height":149,"caption":"Insel La Reunion"},"image":{"@id":"https:\/\/www.inselreunion.de\/#\/schema\/logo\/image\/"}},{"@type":"Person","@id":"https:\/\/www.inselreunion.de\/#\/schema\/person\/1153541f4ce4f149c1ba5b32a66bd2f0","name":"Birgit Schumacher","image":{"@type":"ImageObject","inLanguage":"de","@id":"https:\/\/www.inselreunion.de\/#\/schema\/person\/image\/","url":"https:\/\/secure.gravatar.com\/avatar\/85a35a2898b91783ca4614f574bf0d7e4fd9bcaf1d73c38559eaff54095a0dbf?s=96&d=mm&r=g","contentUrl":"https:\/\/secure.gravatar.com\/avatar\/85a35a2898b91783ca4614f574bf0d7e4fd9bcaf1d73c38559eaff54095a0dbf?s=96&d=mm&r=g","caption":"Birgit Schumacher"},"description":"Die Reiseveranstalterin Birgit Schumacher, Gesch\u00e4ftsf\u00fchrerin der Agentur alizee-Reisen, ist seit \u00fcber 30 Jahren spezialisiert auf die Inselwelt der Maskarenen. Sie verbrachte \u00fcber sieben Jahre auf der Insel La R\u00e9union und ist als spezialisierte Reiseveranstalterin regelm\u00e4\u00dfig vor Ort.","sameAs":["http:\/\/alizee-reisen.de","https:\/\/www.facebook.com\/indischerozean","https:\/\/www.instagram.com\/alizeereisen\/?hl=de"],"url":"https:\/\/www.inselreunion.de\/index.php\/author\/birgit\/"}]}},"_links":{"self":[{"href":"https:\/\/www.inselreunion.de\/index.php\/wp-json\/wp\/v2\/posts\/399","targetHints":{"allow":["GET"]}}],"collection":[{"href":"https:\/\/www.inselreunion.de\/index.php\/wp-json\/wp\/v2\/posts"}],"about":[{"href":"https:\/\/www.inselreunion.de\/index.php\/wp-json\/wp\/v2\/types\/post"}],"author":[{"embeddable":true,"href":"https:\/\/www.inselreunion.de\/index.php\/wp-json\/wp\/v2\/users\/2"}],"replies":[{"embeddable":true,"href":"https:\/\/www.inselreunion.de\/index.php\/wp-json\/wp\/v2\/comments?post=399"}],"version-history":[{"count":14,"href":"https:\/\/www.inselreunion.de\/index.php\/wp-json\/wp\/v2\/posts\/399\/revisions"}],"predecessor-version":[{"id":418,"href":"https:\/\/www.inselreunion.de\/index.php\/wp-json\/wp\/v2\/posts\/399\/revisions\/418"}],"wp:featuredmedia":[{"embeddable":true,"href":"https:\/\/www.inselreunion.de\/index.php\/wp-json\/wp\/v2\/media\/410"}],"wp:attachment":[{"href":"https:\/\/www.inselreunion.de\/index.php\/wp-json\/wp\/v2\/media?parent=399"}],"wp:term":[{"taxonomy":"category","embeddable":true,"href":"https:\/\/www.inselreunion.de\/index.php\/wp-json\/wp\/v2\/categories?post=399"},{"taxonomy":"post_tag","embeddable":true,"href":"https:\/\/www.inselreunion.de\/index.php\/wp-json\/wp\/v2\/tags?post=399"}],"curies":[{"name":"wp","href":"https:\/\/api.w.org\/{rel}","templated":true}]}}