{"id":504,"date":"2022-07-03T16:50:49","date_gmt":"2022-07-03T14:50:49","guid":{"rendered":"https:\/\/www.inselreunion.de\/?p=504"},"modified":"2022-07-03T16:53:04","modified_gmt":"2022-07-03T14:53:04","slug":"insel-la-reunion-reise-in-den-pfingstferien","status":"publish","type":"post","link":"https:\/\/www.inselreunion.de\/index.php\/insel-la-reunion-reise-in-den-pfingstferien\/","title":{"rendered":"Insel La Reunion Reise in den Pfingstferien"},"content":{"rendered":"<p>&nbsp;<\/p>\n<h4>Insel La Reunion in den Pfingstferien<\/h4>\n<p>Die Pfingstferien, die ja in Baden-W\u00fcrttemberg und Bayern sowie in anderen Bundesl\u00e4ndern \u00fcber 14 Tage dauern, eignen sich ideal f\u00fcr eine R\u00e9union-Reise.<br \/>\nVorteil dabei ist, dass keine Hochsaison ist und nur wenige Touristen unterwegs sind. Auch die Temperaturen und das Wetter sind in dieser Zeit ideal.<br \/>\nDie Flugpreise liegen g\u00fcnstiger als in den Sommer- oder Herbstferien und die Auswahl der zur Verf\u00fcgung stehenden<a href=\"https:\/\/alizee-reisen.de\/alizee_inseln\/reunion\/#page-hotels\"> Unterk\u00fcnfte<\/a> ist gr\u00f6\u00dfer.<br \/>\nIdeal sind die Konditionen in dieser Zeit vor Ort nicht nur zum Baden. Auch f\u00fcr Wandertouren eignet sich dieser Reisezeitraum ideal.<\/p>\n<figure id=\"attachment_517\" aria-describedby=\"caption-attachment-517\" style=\"width: 300px\" class=\"wp-caption aligncenter\"><img loading=\"lazy\" decoding=\"async\" class=\"size-medium wp-image-517\" src=\"https:\/\/www.inselreunion.de\/wp-content\/uploads\/2022\/07\/DSC_0371-min-300x199.jpg\" alt=\"Case Creole\" width=\"300\" height=\"199\" srcset=\"https:\/\/www.inselreunion.de\/wp-content\/uploads\/2022\/07\/DSC_0371-min-300x199.jpg 300w, https:\/\/www.inselreunion.de\/wp-content\/uploads\/2022\/07\/DSC_0371-min-1024x681.jpg 1024w, https:\/\/www.inselreunion.de\/wp-content\/uploads\/2022\/07\/DSC_0371-min-150x100.jpg 150w, https:\/\/www.inselreunion.de\/wp-content\/uploads\/2022\/07\/DSC_0371-min-768x511.jpg 768w, https:\/\/www.inselreunion.de\/wp-content\/uploads\/2022\/07\/DSC_0371-min-1536x1021.jpg 1536w\" sizes=\"auto, (max-width: 300px) 100vw, 300px\" \/><figcaption id=\"caption-attachment-517\" class=\"wp-caption-text\">Case Creole mit viel Charme bei Saint Francois<\/figcaption><\/figure>\n<p>&nbsp;<\/p>\n<p>&nbsp;<\/p>\n<p>Die Insel eignet sich hervorragend f\u00fcr eine abwechslungsreiche Rundreise. Das Festlegen der verschiedenen Standorte und Etappen in den verschiedenen Regionen der Insel ist sinnvoll und zu empfehlen.<br \/>\nSo kann das <a href=\"https:\/\/alizee-reisen.de\/alizee_inseln\/reunion\/#page-erlebnis\">Rundreiseprogramm<\/a> individuell erg\u00e4nzt werden mit den unterschiedlichsten Aktivit\u00e4ten:<\/p>\n<p>Dazu z\u00e4hlt zum Beispiel eine gef\u00fchrte\u00a0Tour durch den landschaftlich grandiosenOsten der Insel in den H\u00f6hen des Ilet Betleem.<br \/>\nEine kurzweilige Exkursion in die Geschichte der Insel und eine leckere Auswahl kreolischen Fingerfoods runden das interessante Programm ab.<br \/>\nDetaillierte Informationen gibt es <a href=\"https:\/\/alizee-reisen.de\">hier<\/a><\/p>\n<p>Eine Lavatunnel-Wanderung unter dem Piton de la Fournaise oder Piton des Neiges und <a href=\"https:\/\/www.lolottegromnomad.net\/les-volcans-de-la-reunion\/\">Volcan des Aliz\u00e9s<\/a> bietet sich ebenso an und kann von Kindern ab 6 Jahren gebucht werden.<\/p>\n<p>&nbsp;<\/p>\n<p>&nbsp;<\/p>\n<p>&nbsp;<\/p>\n<h4>Grandioses Entdecken abseits der gewohnten Pfade<\/h4>\n<p>La Reunion \u00a0bietet neben den gew\u00f6hnlichen touristischen Highlights auch jede Menge \u00dcberraschungen abseits der Standardrouten.<br \/>\nViele wahre Sch\u00f6nheiten der Natur dieser unendlich vielseitigen Insel entdeckt man nur, wenn man von <a href=\"https:\/\/alizee-reisen.de\/alizee_inseln\/reunion\/\">echten\u00a0Kennern<\/a> der Insel beraten wird.<\/p>\n<p>&nbsp;<\/p>\n<p>&nbsp;<\/p>\n<p>&nbsp;<\/p>\n<figure id=\"attachment_513\" aria-describedby=\"caption-attachment-513\" style=\"width: 300px\" class=\"wp-caption aligncenter\"><img loading=\"lazy\" decoding=\"async\" class=\"wp-image-513 size-medium\" src=\"https:\/\/www.inselreunion.de\/wp-content\/uploads\/2022\/07\/DSC_0146-min-300x199.jpg\" alt=\"Dos d'Ane\" width=\"300\" height=\"199\" srcset=\"https:\/\/www.inselreunion.de\/wp-content\/uploads\/2022\/07\/DSC_0146-min-300x199.jpg 300w, https:\/\/www.inselreunion.de\/wp-content\/uploads\/2022\/07\/DSC_0146-min-1024x681.jpg 1024w, https:\/\/www.inselreunion.de\/wp-content\/uploads\/2022\/07\/DSC_0146-min-150x100.jpg 150w, https:\/\/www.inselreunion.de\/wp-content\/uploads\/2022\/07\/DSC_0146-min-768x511.jpg 768w, https:\/\/www.inselreunion.de\/wp-content\/uploads\/2022\/07\/DSC_0146-min-1536x1021.jpg 1536w\" sizes=\"auto, (max-width: 300px) 100vw, 300px\" \/><figcaption id=\"caption-attachment-513\" class=\"wp-caption-text\">Es lohnt sich, auch mal abseits der gewohnten Pfade zu suchen. Hier beim Dos d&#8217;Ane &#8211; Aussicht in den Cinque de Mafate<\/figcaption><\/figure>\n<p>&nbsp;<\/p>\n<p>&nbsp;<\/p>\n<h4>La Reunion eignet sich auch in den Pfingstferien als Fernreiseziel f\u00fcr Jung &amp; Alt<\/h4>\n<p>Die vor Ort angebotenen <a href=\"https:\/\/www.insel-la-reunion.com\/organisieren\/erlebnisse\/\">Erlebnisse , die Sie unbedingt in Ihre Reise miteinplanen sollten, <\/a>eigenen sich zum Teil auch schon f\u00fcr Kinder ab sechs Jahren. Jedes Alter und s\u00e4mtliche Interessen werden mit einer gro\u00dfen Vielfalt angeboten. Authentische Fachleute und Experten auf ihrem Gebiet, f\u00fchren die Erlebnisse in kleiner, fast schon privater Runde durch. Gerade in den Pfingstferien bieten sich besonders viele M\u00f6glichkeiten, Erlebnis-Angebote zu reservieren.<\/p>\n<p>&nbsp;<\/p>\n<p>Entsprechend der Auswahl Ihrer pers\u00f6nlichen Erlebnis-W\u00fcnsche, macht es Sinn, sich vorab zu informieren, welche Vorraussetzungen man mitbringen sollte.<br \/>\nZum Beispiel gibt es einfache Lavatunnel-Wanderungen und solche, bei denen gute Kondition ben\u00f6tigt wird.<\/p>\n<p>Wer gerne mit einem privaten Wanderguide eine besondere Tour durchf\u00fchren m\u00f6chte, f\u00fcr den gibt es auch deutschsprachige Wanderguides, mit denen man Touren durchf\u00fchren kann, fernab der Massen.<br \/>\nDa diese oft gefragt werden, lohnt sich eine rechtzeitige Reservierung.<\/p>\n<figure id=\"attachment_519\" aria-describedby=\"caption-attachment-519\" style=\"width: 300px\" class=\"wp-caption aligncenter\"><img loading=\"lazy\" decoding=\"async\" class=\"size-medium wp-image-519\" src=\"https:\/\/www.inselreunion.de\/wp-content\/uploads\/2022\/07\/DSC_0498-min-300x199.jpg\" alt=\"La Reunion in den Pfingstferien\" width=\"300\" height=\"199\" srcset=\"https:\/\/www.inselreunion.de\/wp-content\/uploads\/2022\/07\/DSC_0498-min-300x199.jpg 300w, https:\/\/www.inselreunion.de\/wp-content\/uploads\/2022\/07\/DSC_0498-min-1024x681.jpg 1024w, https:\/\/www.inselreunion.de\/wp-content\/uploads\/2022\/07\/DSC_0498-min-150x100.jpg 150w, https:\/\/www.inselreunion.de\/wp-content\/uploads\/2022\/07\/DSC_0498-min-768x511.jpg 768w, https:\/\/www.inselreunion.de\/wp-content\/uploads\/2022\/07\/DSC_0498-min-1536x1021.jpg 1536w\" sizes=\"auto, (max-width: 300px) 100vw, 300px\" \/><figcaption id=\"caption-attachment-519\" class=\"wp-caption-text\">Piton de la Tortue, eine ganz besondere Landschaft auf den Plaines<\/figcaption><\/figure>\n<p>&nbsp;<\/p>\n<p>Sie planen eine Reunion-Reise? <a href=\"https:\/\/alizee-reisen.de\">Wir freuen uns auf Sie!<\/a><\/p>\n","protected":false},"excerpt":{"rendered":"<p>&nbsp; Insel La Reunion in den Pfingstferien Die Pfingstferien, die ja in Baden-W\u00fcrttemberg und Bayern sowie in anderen Bundesl\u00e4ndern \u00fcber 14 Tage dauern, eignen sich ideal f\u00fcr eine R\u00e9union-Reise. Vorteil dabei ist, dass keine Hochsaison ist und nur wenige Touristen unterwegs sind. Auch die Temperaturen und das Wetter sind in dieser Zeit ideal. Die Flugpreise [&hellip;]<\/p>\n","protected":false},"author":2,"featured_media":510,"comment_status":"open","ping_status":"open","sticky":false,"template":"","format":"standard","meta":{"footnotes":""},"categories":[1],"tags":[],"class_list":["post-504","post","type-post","status-publish","format-standard","has-post-thumbnail","hentry","category-allgemein","wpbf-post"],"yoast_head":"<!-- This site is optimized with the Yoast SEO plugin v23.5 - https:\/\/yoast.com\/wordpress\/plugins\/seo\/ -->\n<title>Insel La Reunion Reise in den Pfingstferien - Insel La Reunion<\/title>\n<meta name=\"description\" content=\"Klimatisch eignet sich die Insel La Reunion in den Pfingstferien ideal f\u00fcr eine individuelle Reise. Eine gute Beratung ist dabei sehr wichtig\" \/>\n<meta name=\"robots\" content=\"index, follow, max-snippet:-1, max-image-preview:large, max-video-preview:-1\" \/>\n<link rel=\"canonical\" href=\"https:\/\/www.inselreunion.de\/index.php\/insel-la-reunion-reise-in-den-pfingstferien\/\" \/>\n<meta property=\"og:locale\" content=\"de_DE\" \/>\n<meta property=\"og:type\" content=\"article\" \/>\n<meta property=\"og:title\" content=\"Insel La Reunion Reise in den Pfingstferien - Insel La Reunion\" \/>\n<meta property=\"og:description\" content=\"Klimatisch eignet sich die Insel La Reunion in den Pfingstferien ideal f\u00fcr eine individuelle Reise. Eine gute Beratung ist dabei sehr wichtig\" \/>\n<meta property=\"og:url\" content=\"https:\/\/www.inselreunion.de\/index.php\/insel-la-reunion-reise-in-den-pfingstferien\/\" \/>\n<meta property=\"og:site_name\" content=\"Insel La Reunion\" \/>\n<meta property=\"article:author\" content=\"https:\/\/www.facebook.com\/indischerozean\" \/>\n<meta property=\"article:published_time\" content=\"2022-07-03T14:50:49+00:00\" \/>\n<meta property=\"article:modified_time\" content=\"2022-07-03T14:53:04+00:00\" \/>\n<meta property=\"og:image\" content=\"https:\/\/www.inselreunion.de\/wp-content\/uploads\/2022\/07\/DSC_0212-min-scaled.jpg\" \/>\n\t<meta property=\"og:image:width\" content=\"2560\" \/>\n\t<meta property=\"og:image:height\" content=\"1702\" \/>\n\t<meta property=\"og:image:type\" content=\"image\/jpeg\" \/>\n<meta name=\"author\" content=\"Birgit Schumacher\" \/>\n<meta name=\"twitter:card\" content=\"summary_large_image\" \/>\n<meta name=\"twitter:label1\" content=\"Verfasst von\" \/>\n\t<meta name=\"twitter:data1\" content=\"Birgit Schumacher\" \/>\n\t<meta name=\"twitter:label2\" content=\"Gesch\u00e4tzte Lesezeit\" \/>\n\t<meta name=\"twitter:data2\" content=\"3\u00a0Minuten\" \/>\n<script type=\"application\/ld+json\" class=\"yoast-schema-graph\">{\"@context\":\"https:\/\/schema.org\",\"@graph\":[{\"@type\":\"Article\",\"@id\":\"https:\/\/www.inselreunion.de\/index.php\/insel-la-reunion-reise-in-den-pfingstferien\/#article\",\"isPartOf\":{\"@id\":\"https:\/\/www.inselreunion.de\/index.php\/insel-la-reunion-reise-in-den-pfingstferien\/\"},\"author\":{\"name\":\"Birgit Schumacher\",\"@id\":\"https:\/\/www.inselreunion.de\/#\/schema\/person\/1153541f4ce4f149c1ba5b32a66bd2f0\"},\"headline\":\"Insel La Reunion Reise in den Pfingstferien\",\"datePublished\":\"2022-07-03T14:50:49+00:00\",\"dateModified\":\"2022-07-03T14:53:04+00:00\",\"mainEntityOfPage\":{\"@id\":\"https:\/\/www.inselreunion.de\/index.php\/insel-la-reunion-reise-in-den-pfingstferien\/\"},\"wordCount\":512,\"commentCount\":0,\"publisher\":{\"@id\":\"https:\/\/www.inselreunion.de\/#organization\"},\"image\":{\"@id\":\"https:\/\/www.inselreunion.de\/index.php\/insel-la-reunion-reise-in-den-pfingstferien\/#primaryimage\"},\"thumbnailUrl\":\"https:\/\/www.inselreunion.de\/wp-content\/uploads\/2022\/07\/DSC_0212-min-scaled.jpg\",\"inLanguage\":\"de\",\"potentialAction\":[{\"@type\":\"CommentAction\",\"name\":\"Comment\",\"target\":[\"https:\/\/www.inselreunion.de\/index.php\/insel-la-reunion-reise-in-den-pfingstferien\/#respond\"]}]},{\"@type\":\"WebPage\",\"@id\":\"https:\/\/www.inselreunion.de\/index.php\/insel-la-reunion-reise-in-den-pfingstferien\/\",\"url\":\"https:\/\/www.inselreunion.de\/index.php\/insel-la-reunion-reise-in-den-pfingstferien\/\",\"name\":\"Insel La Reunion Reise in den Pfingstferien - Insel La Reunion\",\"isPartOf\":{\"@id\":\"https:\/\/www.inselreunion.de\/#website\"},\"primaryImageOfPage\":{\"@id\":\"https:\/\/www.inselreunion.de\/index.php\/insel-la-reunion-reise-in-den-pfingstferien\/#primaryimage\"},\"image\":{\"@id\":\"https:\/\/www.inselreunion.de\/index.php\/insel-la-reunion-reise-in-den-pfingstferien\/#primaryimage\"},\"thumbnailUrl\":\"https:\/\/www.inselreunion.de\/wp-content\/uploads\/2022\/07\/DSC_0212-min-scaled.jpg\",\"datePublished\":\"2022-07-03T14:50:49+00:00\",\"dateModified\":\"2022-07-03T14:53:04+00:00\",\"description\":\"Klimatisch eignet sich die Insel La Reunion in den Pfingstferien ideal f\u00fcr eine individuelle Reise. Eine gute Beratung ist dabei sehr wichtig\",\"breadcrumb\":{\"@id\":\"https:\/\/www.inselreunion.de\/index.php\/insel-la-reunion-reise-in-den-pfingstferien\/#breadcrumb\"},\"inLanguage\":\"de\",\"potentialAction\":[{\"@type\":\"ReadAction\",\"target\":[\"https:\/\/www.inselreunion.de\/index.php\/insel-la-reunion-reise-in-den-pfingstferien\/\"]}]},{\"@type\":\"ImageObject\",\"inLanguage\":\"de\",\"@id\":\"https:\/\/www.inselreunion.de\/index.php\/insel-la-reunion-reise-in-den-pfingstferien\/#primaryimage\",\"url\":\"https:\/\/www.inselreunion.de\/wp-content\/uploads\/2022\/07\/DSC_0212-min-scaled.jpg\",\"contentUrl\":\"https:\/\/www.inselreunion.de\/wp-content\/uploads\/2022\/07\/DSC_0212-min-scaled.jpg\",\"width\":2560,\"height\":1702,\"caption\":\"Beeindrucken, wie die Weltreligionen auf La Reunion zusammenleben\"},{\"@type\":\"BreadcrumbList\",\"@id\":\"https:\/\/www.inselreunion.de\/index.php\/insel-la-reunion-reise-in-den-pfingstferien\/#breadcrumb\",\"itemListElement\":[{\"@type\":\"ListItem\",\"position\":1,\"name\":\"Startseite\",\"item\":\"https:\/\/www.inselreunion.de\/\"},{\"@type\":\"ListItem\",\"position\":2,\"name\":\"Insel La Reunion Reise in den Pfingstferien\"}]},{\"@type\":\"WebSite\",\"@id\":\"https:\/\/www.inselreunion.de\/#website\",\"url\":\"https:\/\/www.inselreunion.de\/\",\"name\":\"Insel La Reunion\",\"description\":\"Insel La Reunion\",\"publisher\":{\"@id\":\"https:\/\/www.inselreunion.de\/#organization\"},\"inLanguage\":\"de\"},{\"@type\":\"Organization\",\"@id\":\"https:\/\/www.inselreunion.de\/#organization\",\"name\":\"Insel La Reunion\",\"url\":\"https:\/\/www.inselreunion.de\/\",\"logo\":{\"@type\":\"ImageObject\",\"inLanguage\":\"de\",\"@id\":\"https:\/\/www.inselreunion.de\/#\/schema\/logo\/image\/\",\"url\":\"https:\/\/www.inselreunion.de\/wp-content\/uploads\/2022\/01\/cropped-alizee_logo.png\",\"contentUrl\":\"https:\/\/www.inselreunion.de\/wp-content\/uploads\/2022\/01\/cropped-alizee_logo.png\",\"width\":300,\"height\":149,\"caption\":\"Insel La Reunion\"},\"image\":{\"@id\":\"https:\/\/www.inselreunion.de\/#\/schema\/logo\/image\/\"}},{\"@type\":\"Person\",\"@id\":\"https:\/\/www.inselreunion.de\/#\/schema\/person\/1153541f4ce4f149c1ba5b32a66bd2f0\",\"name\":\"Birgit Schumacher\",\"image\":{\"@type\":\"ImageObject\",\"inLanguage\":\"de\",\"@id\":\"https:\/\/www.inselreunion.de\/#\/schema\/person\/image\/\",\"url\":\"https:\/\/secure.gravatar.com\/avatar\/85a35a2898b91783ca4614f574bf0d7e4fd9bcaf1d73c38559eaff54095a0dbf?s=96&d=mm&r=g\",\"contentUrl\":\"https:\/\/secure.gravatar.com\/avatar\/85a35a2898b91783ca4614f574bf0d7e4fd9bcaf1d73c38559eaff54095a0dbf?s=96&d=mm&r=g\",\"caption\":\"Birgit Schumacher\"},\"description\":\"Die Reiseveranstalterin Birgit Schumacher, Gesch\u00e4ftsf\u00fchrerin der Agentur alizee-Reisen, ist seit \u00fcber 30 Jahren spezialisiert auf die Inselwelt der Maskarenen. Sie verbrachte \u00fcber sieben Jahre auf der Insel La R\u00e9union und ist als spezialisierte Reiseveranstalterin regelm\u00e4\u00dfig vor Ort.\",\"sameAs\":[\"http:\/\/alizee-reisen.de\",\"https:\/\/www.facebook.com\/indischerozean\",\"https:\/\/www.instagram.com\/alizeereisen\/?hl=de\"],\"url\":\"https:\/\/www.inselreunion.de\/index.php\/author\/birgit\/\"}]}<\/script>\n<!-- \/ Yoast SEO plugin. -->","yoast_head_json":{"title":"Insel La Reunion Reise in den Pfingstferien - Insel La Reunion","description":"Klimatisch eignet sich die Insel La Reunion in den Pfingstferien ideal f\u00fcr eine individuelle Reise. Eine gute Beratung ist dabei sehr wichtig","robots":{"index":"index","follow":"follow","max-snippet":"max-snippet:-1","max-image-preview":"max-image-preview:large","max-video-preview":"max-video-preview:-1"},"canonical":"https:\/\/www.inselreunion.de\/index.php\/insel-la-reunion-reise-in-den-pfingstferien\/","og_locale":"de_DE","og_type":"article","og_title":"Insel La Reunion Reise in den Pfingstferien - Insel La Reunion","og_description":"Klimatisch eignet sich die Insel La Reunion in den Pfingstferien ideal f\u00fcr eine individuelle Reise. Eine gute Beratung ist dabei sehr wichtig","og_url":"https:\/\/www.inselreunion.de\/index.php\/insel-la-reunion-reise-in-den-pfingstferien\/","og_site_name":"Insel La Reunion","article_author":"https:\/\/www.facebook.com\/indischerozean","article_published_time":"2022-07-03T14:50:49+00:00","article_modified_time":"2022-07-03T14:53:04+00:00","og_image":[{"width":2560,"height":1702,"url":"https:\/\/www.inselreunion.de\/wp-content\/uploads\/2022\/07\/DSC_0212-min-scaled.jpg","type":"image\/jpeg"}],"author":"Birgit Schumacher","twitter_card":"summary_large_image","twitter_misc":{"Verfasst von":"Birgit Schumacher","Gesch\u00e4tzte Lesezeit":"3\u00a0Minuten"},"schema":{"@context":"https:\/\/schema.org","@graph":[{"@type":"Article","@id":"https:\/\/www.inselreunion.de\/index.php\/insel-la-reunion-reise-in-den-pfingstferien\/#article","isPartOf":{"@id":"https:\/\/www.inselreunion.de\/index.php\/insel-la-reunion-reise-in-den-pfingstferien\/"},"author":{"name":"Birgit Schumacher","@id":"https:\/\/www.inselreunion.de\/#\/schema\/person\/1153541f4ce4f149c1ba5b32a66bd2f0"},"headline":"Insel La Reunion Reise in den Pfingstferien","datePublished":"2022-07-03T14:50:49+00:00","dateModified":"2022-07-03T14:53:04+00:00","mainEntityOfPage":{"@id":"https:\/\/www.inselreunion.de\/index.php\/insel-la-reunion-reise-in-den-pfingstferien\/"},"wordCount":512,"commentCount":0,"publisher":{"@id":"https:\/\/www.inselreunion.de\/#organization"},"image":{"@id":"https:\/\/www.inselreunion.de\/index.php\/insel-la-reunion-reise-in-den-pfingstferien\/#primaryimage"},"thumbnailUrl":"https:\/\/www.inselreunion.de\/wp-content\/uploads\/2022\/07\/DSC_0212-min-scaled.jpg","inLanguage":"de","potentialAction":[{"@type":"CommentAction","name":"Comment","target":["https:\/\/www.inselreunion.de\/index.php\/insel-la-reunion-reise-in-den-pfingstferien\/#respond"]}]},{"@type":"WebPage","@id":"https:\/\/www.inselreunion.de\/index.php\/insel-la-reunion-reise-in-den-pfingstferien\/","url":"https:\/\/www.inselreunion.de\/index.php\/insel-la-reunion-reise-in-den-pfingstferien\/","name":"Insel La Reunion Reise in den Pfingstferien - Insel La Reunion","isPartOf":{"@id":"https:\/\/www.inselreunion.de\/#website"},"primaryImageOfPage":{"@id":"https:\/\/www.inselreunion.de\/index.php\/insel-la-reunion-reise-in-den-pfingstferien\/#primaryimage"},"image":{"@id":"https:\/\/www.inselreunion.de\/index.php\/insel-la-reunion-reise-in-den-pfingstferien\/#primaryimage"},"thumbnailUrl":"https:\/\/www.inselreunion.de\/wp-content\/uploads\/2022\/07\/DSC_0212-min-scaled.jpg","datePublished":"2022-07-03T14:50:49+00:00","dateModified":"2022-07-03T14:53:04+00:00","description":"Klimatisch eignet sich die Insel La Reunion in den Pfingstferien ideal f\u00fcr eine individuelle Reise. Eine gute Beratung ist dabei sehr wichtig","breadcrumb":{"@id":"https:\/\/www.inselreunion.de\/index.php\/insel-la-reunion-reise-in-den-pfingstferien\/#breadcrumb"},"inLanguage":"de","potentialAction":[{"@type":"ReadAction","target":["https:\/\/www.inselreunion.de\/index.php\/insel-la-reunion-reise-in-den-pfingstferien\/"]}]},{"@type":"ImageObject","inLanguage":"de","@id":"https:\/\/www.inselreunion.de\/index.php\/insel-la-reunion-reise-in-den-pfingstferien\/#primaryimage","url":"https:\/\/www.inselreunion.de\/wp-content\/uploads\/2022\/07\/DSC_0212-min-scaled.jpg","contentUrl":"https:\/\/www.inselreunion.de\/wp-content\/uploads\/2022\/07\/DSC_0212-min-scaled.jpg","width":2560,"height":1702,"caption":"Beeindrucken, wie die Weltreligionen auf La Reunion zusammenleben"},{"@type":"BreadcrumbList","@id":"https:\/\/www.inselreunion.de\/index.php\/insel-la-reunion-reise-in-den-pfingstferien\/#breadcrumb","itemListElement":[{"@type":"ListItem","position":1,"name":"Startseite","item":"https:\/\/www.inselreunion.de\/"},{"@type":"ListItem","position":2,"name":"Insel La Reunion Reise in den Pfingstferien"}]},{"@type":"WebSite","@id":"https:\/\/www.inselreunion.de\/#website","url":"https:\/\/www.inselreunion.de\/","name":"Insel La Reunion","description":"Insel La Reunion","publisher":{"@id":"https:\/\/www.inselreunion.de\/#organization"},"inLanguage":"de"},{"@type":"Organization","@id":"https:\/\/www.inselreunion.de\/#organization","name":"Insel La Reunion","url":"https:\/\/www.inselreunion.de\/","logo":{"@type":"ImageObject","inLanguage":"de","@id":"https:\/\/www.inselreunion.de\/#\/schema\/logo\/image\/","url":"https:\/\/www.inselreunion.de\/wp-content\/uploads\/2022\/01\/cropped-alizee_logo.png","contentUrl":"https:\/\/www.inselreunion.de\/wp-content\/uploads\/2022\/01\/cropped-alizee_logo.png","width":300,"height":149,"caption":"Insel La Reunion"},"image":{"@id":"https:\/\/www.inselreunion.de\/#\/schema\/logo\/image\/"}},{"@type":"Person","@id":"https:\/\/www.inselreunion.de\/#\/schema\/person\/1153541f4ce4f149c1ba5b32a66bd2f0","name":"Birgit Schumacher","image":{"@type":"ImageObject","inLanguage":"de","@id":"https:\/\/www.inselreunion.de\/#\/schema\/person\/image\/","url":"https:\/\/secure.gravatar.com\/avatar\/85a35a2898b91783ca4614f574bf0d7e4fd9bcaf1d73c38559eaff54095a0dbf?s=96&d=mm&r=g","contentUrl":"https:\/\/secure.gravatar.com\/avatar\/85a35a2898b91783ca4614f574bf0d7e4fd9bcaf1d73c38559eaff54095a0dbf?s=96&d=mm&r=g","caption":"Birgit Schumacher"},"description":"Die Reiseveranstalterin Birgit Schumacher, Gesch\u00e4ftsf\u00fchrerin der Agentur alizee-Reisen, ist seit \u00fcber 30 Jahren spezialisiert auf die Inselwelt der Maskarenen. Sie verbrachte \u00fcber sieben Jahre auf der Insel La R\u00e9union und ist als spezialisierte Reiseveranstalterin regelm\u00e4\u00dfig vor Ort.","sameAs":["http:\/\/alizee-reisen.de","https:\/\/www.facebook.com\/indischerozean","https:\/\/www.instagram.com\/alizeereisen\/?hl=de"],"url":"https:\/\/www.inselreunion.de\/index.php\/author\/birgit\/"}]}},"_links":{"self":[{"href":"https:\/\/www.inselreunion.de\/index.php\/wp-json\/wp\/v2\/posts\/504","targetHints":{"allow":["GET"]}}],"collection":[{"href":"https:\/\/www.inselreunion.de\/index.php\/wp-json\/wp\/v2\/posts"}],"about":[{"href":"https:\/\/www.inselreunion.de\/index.php\/wp-json\/wp\/v2\/types\/post"}],"author":[{"embeddable":true,"href":"https:\/\/www.inselreunion.de\/index.php\/wp-json\/wp\/v2\/users\/2"}],"replies":[{"embeddable":true,"href":"https:\/\/www.inselreunion.de\/index.php\/wp-json\/wp\/v2\/comments?post=504"}],"version-history":[{"count":22,"href":"https:\/\/www.inselreunion.de\/index.php\/wp-json\/wp\/v2\/posts\/504\/revisions"}],"predecessor-version":[{"id":544,"href":"https:\/\/www.inselreunion.de\/index.php\/wp-json\/wp\/v2\/posts\/504\/revisions\/544"}],"wp:featuredmedia":[{"embeddable":true,"href":"https:\/\/www.inselreunion.de\/index.php\/wp-json\/wp\/v2\/media\/510"}],"wp:attachment":[{"href":"https:\/\/www.inselreunion.de\/index.php\/wp-json\/wp\/v2\/media?parent=504"}],"wp:term":[{"taxonomy":"category","embeddable":true,"href":"https:\/\/www.inselreunion.de\/index.php\/wp-json\/wp\/v2\/categories?post=504"},{"taxonomy":"post_tag","embeddable":true,"href":"https:\/\/www.inselreunion.de\/index.php\/wp-json\/wp\/v2\/tags?post=504"}],"curies":[{"name":"wp","href":"https:\/\/api.w.org\/{rel}","templated":true}]}}