{"id":86,"date":"2021-07-03T18:02:42","date_gmt":"2021-07-03T16:02:42","guid":{"rendered":"http:\/\/www.inselreunion.de\/?p=86"},"modified":"2021-08-11T11:40:40","modified_gmt":"2021-08-11T09:40:40","slug":"ylang-ylang-und-vanille-auf-la-reunion","status":"publish","type":"post","link":"https:\/\/www.inselreunion.de\/index.php\/ylang-ylang-und-vanille-auf-la-reunion\/","title":{"rendered":"Vanille und Ylang Ylang auf La R\u00e9union"},"content":{"rendered":"<p>La R\u00e9union im S\u00fcden, hier l\u00e4sst die Natur keine W\u00fcnsche offen.<\/p>\n<h2>Ylang Ylang, Frangipanie oder Vanille, welches ist Ihr Lieblingsduft?<\/h2>\n<p>Die botanische Vielfalt der Insel La R\u00e9union im S\u00fcden ist der nat\u00fcrliche Reichtum der &#8222;Ile intense&#8220;.<br \/>\nKein Wunder, dass die Insel La R\u00e9union, auf der Ylang Ylang und Vanille w\u00e4chst,\u00a0 sich immer gr\u00f6\u00dferer Beliebtheit erfreut unter Naturliebhabern und Aktiv-Urlaubern, die es wertsch\u00e4tzen, auf\u00a0 franz\u00f6sischem Gebiet au\u00dferhalb des Mutterlandes einerseits eine gewisse Sicherheit zu erfahren und dennoch in exotischen Gefilden unterwegs zu sein.<\/p>\n<h2>\u00a0&#8222;L&#8217;\u00e9te Australe&#8220; auf den Vanille-Inseln<\/h2>\n<p>Von November bis Februar im &#8222;&#8218;\u00e9te australe&#8220; bl\u00fchen auf der Insel die Flammenb\u00e4ume in voller Pracht und in den kr\u00e4ftigsten roten Farbt\u00f6nen<br \/>\nAuch an den wunderbar duftenden Frangipani-Bl\u00fcten,\u00a0 Mangos und Litschis\u00a0 kann man sich in den Sommermonaten des &#8222;\u00e9te australe&#8220; erfreuen.<br \/>\nIm Botanischen Garten <a href=\"https:\/\/www.jardin-parfums-epices.com\/\" target=\"_blank\" rel=\"noopener\">&#8222;Jardin des Parfums et des Epices&#8220;<\/a> auf La Reunion im S\u00fcden der Insel\u00a0 bei Saint Philippe (unweit des Cap M\u00e9chant) kann man ganzj\u00e4hrig Kakaob\u00e4ume und Zimtb\u00e4ume, sowie Kaffeestr\u00e4ucher bewundern. Eine besonders exotische Pflanze, die man hier auch sieht, ganz versteckt zwischen den hohen Str\u00e4uchern ist die &#8222;Schwarze Orchidee&#8220;, von den Einheimischen liebevoll auch &#8222;Fledermaus-Orchidee genannt&#8220;.<br \/>\nTipp: Die kleine, feine Vanille-Plantage bei Sainte Rose auf La Reunion im S\u00fcden (\u00f6stlich): <a href=\"https:\/\/vanille-reunion.fr\/\" target=\"_blank\" rel=\"noopener\">Plantation Vanilla Bourbon<\/a><\/p>\n<h2>Die Route du G\u00e9ranium bei Petite France<\/h2>\n<p>Eine Region der Insel, die ein wenig in Vergessenheit geraten ist, aber unbedingt ein Ausflug wert ist, befindet sich im Westen der Insel:<br \/>\nOberhalb der Str\u00e4nde von Saint Gilles auf dem Weg zum Wandergebiet des Maido,muss man unbedingt die\u00a0 &#8222;La Route du G\u00e9ranium&#8220; in\u00a0 La Petite France besuchen.<br \/>\nHier duftet es nach &#8222;Geranium&#8220;, dessen Essenzen entlang der kurvenreichen Stra\u00dfe in gro\u00dfen Kesseln\u00a0 schonend gewonnen werden.<br \/>\nSchon allein ein Besuch im <a href=\"https:\/\/lamaisondugeranium.com\/\" target=\"_blank\" rel=\"noopener\">Maison du G\u00e9ranium<\/a> macht den Ausflug in die H\u00f6henlage der Petite France zu einem lohnenswerten Erlebnis.<br \/>\nSelbstverst\u00e4ndlich jedoch ist das spektakul\u00e4rste Ziel des Maido, die Aussicht in den Cirque de Mafate.<br \/>\nDas grandiose Panorama hier oben offenbart sich am besten in den fr\u00fchen Morgenstunden !<\/p>\n<p>Pers\u00f6nlich auf Ihre Interessen abgestimmte Reise-Arrangements gibt es bei guten <a href=\"http:\/\/www.alizee-reisen.de\" target=\"_blank\" rel=\"noopener\">Spezialisten f\u00fcr die Insel La Reunion<\/a>.<br \/>\nWir haben immer noch den einen oder anderen Geheimtipp f\u00fcr Sie \ud83d\ude42<\/p>\n<div id='gallery-1' class='gallery galleryid-86 gallery-columns-3 gallery-size-thumbnail'><figure class='gallery-item'>\n\t\t\t<div class='gallery-icon portrait'>\n\t\t\t\t<a href='https:\/\/www.inselreunion.de\/index.php\/ylang-ylang-und-vanille-auf-la-reunion\/jardin-parfums-bearbeitet\/'><img loading=\"lazy\" decoding=\"async\" width=\"100\" height=\"150\" src=\"https:\/\/www.inselreunion.de\/wp-content\/uploads\/2021\/07\/Jardin-Parfums-bearbeitet.jpeg\" class=\"attachment-thumbnail size-thumbnail\" alt=\"La Reunion S\u00fcden\" aria-describedby=\"gallery-1-107\" \/><\/a>\n\t\t\t<\/div>\n\t\t\t\t<figcaption class='wp-caption-text gallery-caption' id='gallery-1-107'>\n\t\t\t\tIm Jardin des Parfums \n\t\t\t\t<\/figcaption><\/figure><figure class='gallery-item'>\n\t\t\t<div class='gallery-icon portrait'>\n\t\t\t\t<a href='https:\/\/www.inselreunion.de\/index.php\/ylang-ylang-und-vanille-auf-la-reunion\/frangipani-bearbeitet\/'><img loading=\"lazy\" decoding=\"async\" width=\"100\" height=\"150\" src=\"https:\/\/www.inselreunion.de\/wp-content\/uploads\/2021\/07\/frangipani-bearbeitet.jpeg\" class=\"attachment-thumbnail size-thumbnail\" alt=\"La Reunion S\u00fcden\" aria-describedby=\"gallery-1-104\" \/><\/a>\n\t\t\t<\/div>\n\t\t\t\t<figcaption class='wp-caption-text gallery-caption' id='gallery-1-104'>\n\t\t\t\tFrangipani La Reunion \n\t\t\t\t<\/figcaption><\/figure><figure class='gallery-item'>\n\t\t\t<div class='gallery-icon portrait'>\n\t\t\t\t<a href='https:\/\/www.inselreunion.de\/index.php\/ylang-ylang-und-vanille-auf-la-reunion\/ylang-ylang-bearbeitet\/'><img loading=\"lazy\" decoding=\"async\" width=\"100\" height=\"150\" src=\"https:\/\/www.inselreunion.de\/wp-content\/uploads\/2021\/07\/Ylang-Ylang-bearbeitet.jpeg\" class=\"attachment-thumbnail size-thumbnail\" alt=\"La Reunion S\u00fcden\" aria-describedby=\"gallery-1-106\" \/><\/a>\n\t\t\t<\/div>\n\t\t\t\t<figcaption class='wp-caption-text gallery-caption' id='gallery-1-106'>\n\t\t\t\tYlang Ylang La Reunion \n\t\t\t\t<\/figcaption><\/figure><figure class='gallery-item'>\n\t\t\t<div class='gallery-icon portrait'>\n\t\t\t\t<a href='https:\/\/www.inselreunion.de\/index.php\/ylang-ylang-und-vanille-auf-la-reunion\/bearbeitet-essenzen\/'><img loading=\"lazy\" decoding=\"async\" width=\"100\" height=\"150\" src=\"https:\/\/www.inselreunion.de\/wp-content\/uploads\/2021\/07\/bearbeitet-Essenzen.jpeg\" class=\"attachment-thumbnail size-thumbnail\" alt=\"Essenzen La Reunion\" aria-describedby=\"gallery-1-103\" \/><\/a>\n\t\t\t<\/div>\n\t\t\t\t<figcaption class='wp-caption-text gallery-caption' id='gallery-1-103'>\n\t\t\t\tEssenzen La Reunion \n\t\t\t\t<\/figcaption><\/figure><figure class='gallery-item'>\n\t\t\t<div class='gallery-icon portrait'>\n\t\t\t\t<a href='https:\/\/www.inselreunion.de\/index.php\/ylang-ylang-und-vanille-auf-la-reunion\/tropische-pflanze-bearbeitet\/'><img loading=\"lazy\" decoding=\"async\" width=\"100\" height=\"150\" src=\"https:\/\/www.inselreunion.de\/wp-content\/uploads\/2021\/07\/Tropische-Pflanze-bearbeitet.jpeg\" class=\"attachment-thumbnail size-thumbnail\" alt=\"Jardin des Parfums Reunion\" aria-describedby=\"gallery-1-110\" \/><\/a>\n\t\t\t<\/div>\n\t\t\t\t<figcaption class='wp-caption-text gallery-caption' id='gallery-1-110'>\n\t\t\t\tIm Jardin des Parfums\n\t\t\t\t<\/figcaption><\/figure>\n\t\t<\/div>\n\n","protected":false},"excerpt":{"rendered":"<p>La R\u00e9union im S\u00fcden, hier l\u00e4sst die Natur keine W\u00fcnsche offen. Ylang Ylang, Frangipanie oder Vanille, welches ist Ihr Lieblingsduft? Die botanische Vielfalt der Insel La R\u00e9union im S\u00fcden ist der nat\u00fcrliche Reichtum der &#8222;Ile intense&#8220;. Kein Wunder, dass die Insel La R\u00e9union, auf der Ylang Ylang und Vanille w\u00e4chst,\u00a0 sich immer gr\u00f6\u00dferer Beliebtheit erfreut [&hellip;]<\/p>\n","protected":false},"author":2,"featured_media":96,"comment_status":"open","ping_status":"open","sticky":false,"template":"","format":"standard","meta":{"footnotes":""},"categories":[1,5],"tags":[],"class_list":["post-86","post","type-post","status-publish","format-standard","has-post-thumbnail","hentry","category-allgemein","category-rundreise-empfehlungen","wpbf-post"],"yoast_head":"<!-- This site is optimized with the Yoast SEO plugin v23.5 - https:\/\/yoast.com\/wordpress\/plugins\/seo\/ -->\n<title>Vanille und Ylang Ylang auf La R\u00e9union - Insel La Reunion<\/title>\n<meta name=\"description\" content=\"Die Gew\u00fcrzinsel La R\u00e9union ist bekannt f\u00fcr die Herkunft der Bourbon Vanille. Auch hochwertiges Ylang Ylang w\u00e4chst im Wilden S\u00fcden der Insel\" \/>\n<meta name=\"robots\" content=\"index, follow, max-snippet:-1, max-image-preview:large, max-video-preview:-1\" \/>\n<link rel=\"canonical\" href=\"https:\/\/www.inselreunion.de\/index.php\/ylang-ylang-und-vanille-auf-la-reunion\/\" \/>\n<meta property=\"og:locale\" content=\"de_DE\" \/>\n<meta property=\"og:type\" content=\"article\" \/>\n<meta property=\"og:title\" content=\"Vanille und Ylang Ylang auf La R\u00e9union - Insel La Reunion\" \/>\n<meta property=\"og:description\" content=\"Die Gew\u00fcrzinsel La R\u00e9union ist bekannt f\u00fcr die Herkunft der Bourbon Vanille. Auch hochwertiges Ylang Ylang w\u00e4chst im Wilden S\u00fcden der Insel\" \/>\n<meta property=\"og:url\" content=\"https:\/\/www.inselreunion.de\/index.php\/ylang-ylang-und-vanille-auf-la-reunion\/\" \/>\n<meta property=\"og:site_name\" content=\"Insel La Reunion\" \/>\n<meta property=\"article:author\" content=\"https:\/\/www.facebook.com\/indischerozean\" \/>\n<meta property=\"article:published_time\" content=\"2021-07-03T16:02:42+00:00\" \/>\n<meta property=\"article:modified_time\" content=\"2021-08-11T09:40:40+00:00\" \/>\n<meta property=\"og:image\" content=\"https:\/\/www.inselreunion.de\/wp-content\/uploads\/2021\/07\/Blog-Beitra-Ylang-Ylang.jpeg\" \/>\n\t<meta property=\"og:image:width\" content=\"2658\" \/>\n\t<meta property=\"og:image:height\" content=\"1772\" \/>\n\t<meta property=\"og:image:type\" content=\"image\/jpeg\" \/>\n<meta name=\"author\" content=\"Birgit Schumacher\" \/>\n<meta name=\"twitter:card\" content=\"summary_large_image\" \/>\n<meta name=\"twitter:label1\" content=\"Verfasst von\" \/>\n\t<meta name=\"twitter:data1\" content=\"Birgit Schumacher\" \/>\n\t<meta name=\"twitter:label2\" content=\"Gesch\u00e4tzte Lesezeit\" \/>\n\t<meta name=\"twitter:data2\" content=\"2\u00a0Minuten\" \/>\n<script type=\"application\/ld+json\" class=\"yoast-schema-graph\">{\"@context\":\"https:\/\/schema.org\",\"@graph\":[{\"@type\":\"Article\",\"@id\":\"https:\/\/www.inselreunion.de\/index.php\/ylang-ylang-und-vanille-auf-la-reunion\/#article\",\"isPartOf\":{\"@id\":\"https:\/\/www.inselreunion.de\/index.php\/ylang-ylang-und-vanille-auf-la-reunion\/\"},\"author\":{\"name\":\"Birgit Schumacher\",\"@id\":\"https:\/\/www.inselreunion.de\/#\/schema\/person\/1153541f4ce4f149c1ba5b32a66bd2f0\"},\"headline\":\"Vanille und Ylang Ylang auf La R\u00e9union\",\"datePublished\":\"2021-07-03T16:02:42+00:00\",\"dateModified\":\"2021-08-11T09:40:40+00:00\",\"mainEntityOfPage\":{\"@id\":\"https:\/\/www.inselreunion.de\/index.php\/ylang-ylang-und-vanille-auf-la-reunion\/\"},\"wordCount\":404,\"commentCount\":0,\"publisher\":{\"@id\":\"https:\/\/www.inselreunion.de\/#organization\"},\"image\":{\"@id\":\"https:\/\/www.inselreunion.de\/index.php\/ylang-ylang-und-vanille-auf-la-reunion\/#primaryimage\"},\"thumbnailUrl\":\"https:\/\/www.inselreunion.de\/wp-content\/uploads\/2021\/07\/Blog-Beitra-Ylang-Ylang.jpeg\",\"articleSection\":{\"1\":\"Rundreise-Empfehlungen\"},\"inLanguage\":\"de\",\"potentialAction\":[{\"@type\":\"CommentAction\",\"name\":\"Comment\",\"target\":[\"https:\/\/www.inselreunion.de\/index.php\/ylang-ylang-und-vanille-auf-la-reunion\/#respond\"]}]},{\"@type\":\"WebPage\",\"@id\":\"https:\/\/www.inselreunion.de\/index.php\/ylang-ylang-und-vanille-auf-la-reunion\/\",\"url\":\"https:\/\/www.inselreunion.de\/index.php\/ylang-ylang-und-vanille-auf-la-reunion\/\",\"name\":\"Vanille und Ylang Ylang auf La R\u00e9union - Insel La Reunion\",\"isPartOf\":{\"@id\":\"https:\/\/www.inselreunion.de\/#website\"},\"primaryImageOfPage\":{\"@id\":\"https:\/\/www.inselreunion.de\/index.php\/ylang-ylang-und-vanille-auf-la-reunion\/#primaryimage\"},\"image\":{\"@id\":\"https:\/\/www.inselreunion.de\/index.php\/ylang-ylang-und-vanille-auf-la-reunion\/#primaryimage\"},\"thumbnailUrl\":\"https:\/\/www.inselreunion.de\/wp-content\/uploads\/2021\/07\/Blog-Beitra-Ylang-Ylang.jpeg\",\"datePublished\":\"2021-07-03T16:02:42+00:00\",\"dateModified\":\"2021-08-11T09:40:40+00:00\",\"description\":\"Die Gew\u00fcrzinsel La R\u00e9union ist bekannt f\u00fcr die Herkunft der Bourbon Vanille. Auch hochwertiges Ylang Ylang w\u00e4chst im Wilden S\u00fcden der Insel\",\"breadcrumb\":{\"@id\":\"https:\/\/www.inselreunion.de\/index.php\/ylang-ylang-und-vanille-auf-la-reunion\/#breadcrumb\"},\"inLanguage\":\"de\",\"potentialAction\":[{\"@type\":\"ReadAction\",\"target\":[\"https:\/\/www.inselreunion.de\/index.php\/ylang-ylang-und-vanille-auf-la-reunion\/\"]}]},{\"@type\":\"ImageObject\",\"inLanguage\":\"de\",\"@id\":\"https:\/\/www.inselreunion.de\/index.php\/ylang-ylang-und-vanille-auf-la-reunion\/#primaryimage\",\"url\":\"https:\/\/www.inselreunion.de\/wp-content\/uploads\/2021\/07\/Blog-Beitra-Ylang-Ylang.jpeg\",\"contentUrl\":\"https:\/\/www.inselreunion.de\/wp-content\/uploads\/2021\/07\/Blog-Beitra-Ylang-Ylang.jpeg\",\"width\":2658,\"height\":1772,\"caption\":\"Frangipani Bl\u00fcten im Ete Australe\"},{\"@type\":\"BreadcrumbList\",\"@id\":\"https:\/\/www.inselreunion.de\/index.php\/ylang-ylang-und-vanille-auf-la-reunion\/#breadcrumb\",\"itemListElement\":[{\"@type\":\"ListItem\",\"position\":1,\"name\":\"Startseite\",\"item\":\"https:\/\/www.inselreunion.de\/\"},{\"@type\":\"ListItem\",\"position\":2,\"name\":\"Vanille und Ylang Ylang auf La R\u00e9union\"}]},{\"@type\":\"WebSite\",\"@id\":\"https:\/\/www.inselreunion.de\/#website\",\"url\":\"https:\/\/www.inselreunion.de\/\",\"name\":\"Insel La Reunion\",\"description\":\"Insel La Reunion\",\"publisher\":{\"@id\":\"https:\/\/www.inselreunion.de\/#organization\"},\"inLanguage\":\"de\"},{\"@type\":\"Organization\",\"@id\":\"https:\/\/www.inselreunion.de\/#organization\",\"name\":\"Insel La Reunion\",\"url\":\"https:\/\/www.inselreunion.de\/\",\"logo\":{\"@type\":\"ImageObject\",\"inLanguage\":\"de\",\"@id\":\"https:\/\/www.inselreunion.de\/#\/schema\/logo\/image\/\",\"url\":\"https:\/\/www.inselreunion.de\/wp-content\/uploads\/2022\/01\/cropped-alizee_logo.png\",\"contentUrl\":\"https:\/\/www.inselreunion.de\/wp-content\/uploads\/2022\/01\/cropped-alizee_logo.png\",\"width\":300,\"height\":149,\"caption\":\"Insel La Reunion\"},\"image\":{\"@id\":\"https:\/\/www.inselreunion.de\/#\/schema\/logo\/image\/\"}},{\"@type\":\"Person\",\"@id\":\"https:\/\/www.inselreunion.de\/#\/schema\/person\/1153541f4ce4f149c1ba5b32a66bd2f0\",\"name\":\"Birgit Schumacher\",\"image\":{\"@type\":\"ImageObject\",\"inLanguage\":\"de\",\"@id\":\"https:\/\/www.inselreunion.de\/#\/schema\/person\/image\/\",\"url\":\"https:\/\/secure.gravatar.com\/avatar\/85a35a2898b91783ca4614f574bf0d7e4fd9bcaf1d73c38559eaff54095a0dbf?s=96&d=mm&r=g\",\"contentUrl\":\"https:\/\/secure.gravatar.com\/avatar\/85a35a2898b91783ca4614f574bf0d7e4fd9bcaf1d73c38559eaff54095a0dbf?s=96&d=mm&r=g\",\"caption\":\"Birgit Schumacher\"},\"description\":\"Die Reiseveranstalterin Birgit Schumacher, Gesch\u00e4ftsf\u00fchrerin der Agentur alizee-Reisen, ist seit \u00fcber 30 Jahren spezialisiert auf die Inselwelt der Maskarenen. Sie verbrachte \u00fcber sieben Jahre auf der Insel La R\u00e9union und ist als spezialisierte Reiseveranstalterin regelm\u00e4\u00dfig vor Ort.\",\"sameAs\":[\"http:\/\/alizee-reisen.de\",\"https:\/\/www.facebook.com\/indischerozean\",\"https:\/\/www.instagram.com\/alizeereisen\/?hl=de\"],\"url\":\"https:\/\/www.inselreunion.de\/index.php\/author\/birgit\/\"}]}<\/script>\n<!-- \/ Yoast SEO plugin. -->","yoast_head_json":{"title":"Vanille und Ylang Ylang auf La R\u00e9union - Insel La Reunion","description":"Die Gew\u00fcrzinsel La R\u00e9union ist bekannt f\u00fcr die Herkunft der Bourbon Vanille. Auch hochwertiges Ylang Ylang w\u00e4chst im Wilden S\u00fcden der Insel","robots":{"index":"index","follow":"follow","max-snippet":"max-snippet:-1","max-image-preview":"max-image-preview:large","max-video-preview":"max-video-preview:-1"},"canonical":"https:\/\/www.inselreunion.de\/index.php\/ylang-ylang-und-vanille-auf-la-reunion\/","og_locale":"de_DE","og_type":"article","og_title":"Vanille und Ylang Ylang auf La R\u00e9union - Insel La Reunion","og_description":"Die Gew\u00fcrzinsel La R\u00e9union ist bekannt f\u00fcr die Herkunft der Bourbon Vanille. Auch hochwertiges Ylang Ylang w\u00e4chst im Wilden S\u00fcden der Insel","og_url":"https:\/\/www.inselreunion.de\/index.php\/ylang-ylang-und-vanille-auf-la-reunion\/","og_site_name":"Insel La Reunion","article_author":"https:\/\/www.facebook.com\/indischerozean","article_published_time":"2021-07-03T16:02:42+00:00","article_modified_time":"2021-08-11T09:40:40+00:00","og_image":[{"width":2658,"height":1772,"url":"https:\/\/www.inselreunion.de\/wp-content\/uploads\/2021\/07\/Blog-Beitra-Ylang-Ylang.jpeg","type":"image\/jpeg"}],"author":"Birgit Schumacher","twitter_card":"summary_large_image","twitter_misc":{"Verfasst von":"Birgit Schumacher","Gesch\u00e4tzte Lesezeit":"2\u00a0Minuten"},"schema":{"@context":"https:\/\/schema.org","@graph":[{"@type":"Article","@id":"https:\/\/www.inselreunion.de\/index.php\/ylang-ylang-und-vanille-auf-la-reunion\/#article","isPartOf":{"@id":"https:\/\/www.inselreunion.de\/index.php\/ylang-ylang-und-vanille-auf-la-reunion\/"},"author":{"name":"Birgit Schumacher","@id":"https:\/\/www.inselreunion.de\/#\/schema\/person\/1153541f4ce4f149c1ba5b32a66bd2f0"},"headline":"Vanille und Ylang Ylang auf La R\u00e9union","datePublished":"2021-07-03T16:02:42+00:00","dateModified":"2021-08-11T09:40:40+00:00","mainEntityOfPage":{"@id":"https:\/\/www.inselreunion.de\/index.php\/ylang-ylang-und-vanille-auf-la-reunion\/"},"wordCount":404,"commentCount":0,"publisher":{"@id":"https:\/\/www.inselreunion.de\/#organization"},"image":{"@id":"https:\/\/www.inselreunion.de\/index.php\/ylang-ylang-und-vanille-auf-la-reunion\/#primaryimage"},"thumbnailUrl":"https:\/\/www.inselreunion.de\/wp-content\/uploads\/2021\/07\/Blog-Beitra-Ylang-Ylang.jpeg","articleSection":{"1":"Rundreise-Empfehlungen"},"inLanguage":"de","potentialAction":[{"@type":"CommentAction","name":"Comment","target":["https:\/\/www.inselreunion.de\/index.php\/ylang-ylang-und-vanille-auf-la-reunion\/#respond"]}]},{"@type":"WebPage","@id":"https:\/\/www.inselreunion.de\/index.php\/ylang-ylang-und-vanille-auf-la-reunion\/","url":"https:\/\/www.inselreunion.de\/index.php\/ylang-ylang-und-vanille-auf-la-reunion\/","name":"Vanille und Ylang Ylang auf La R\u00e9union - Insel La Reunion","isPartOf":{"@id":"https:\/\/www.inselreunion.de\/#website"},"primaryImageOfPage":{"@id":"https:\/\/www.inselreunion.de\/index.php\/ylang-ylang-und-vanille-auf-la-reunion\/#primaryimage"},"image":{"@id":"https:\/\/www.inselreunion.de\/index.php\/ylang-ylang-und-vanille-auf-la-reunion\/#primaryimage"},"thumbnailUrl":"https:\/\/www.inselreunion.de\/wp-content\/uploads\/2021\/07\/Blog-Beitra-Ylang-Ylang.jpeg","datePublished":"2021-07-03T16:02:42+00:00","dateModified":"2021-08-11T09:40:40+00:00","description":"Die Gew\u00fcrzinsel La R\u00e9union ist bekannt f\u00fcr die Herkunft der Bourbon Vanille. Auch hochwertiges Ylang Ylang w\u00e4chst im Wilden S\u00fcden der Insel","breadcrumb":{"@id":"https:\/\/www.inselreunion.de\/index.php\/ylang-ylang-und-vanille-auf-la-reunion\/#breadcrumb"},"inLanguage":"de","potentialAction":[{"@type":"ReadAction","target":["https:\/\/www.inselreunion.de\/index.php\/ylang-ylang-und-vanille-auf-la-reunion\/"]}]},{"@type":"ImageObject","inLanguage":"de","@id":"https:\/\/www.inselreunion.de\/index.php\/ylang-ylang-und-vanille-auf-la-reunion\/#primaryimage","url":"https:\/\/www.inselreunion.de\/wp-content\/uploads\/2021\/07\/Blog-Beitra-Ylang-Ylang.jpeg","contentUrl":"https:\/\/www.inselreunion.de\/wp-content\/uploads\/2021\/07\/Blog-Beitra-Ylang-Ylang.jpeg","width":2658,"height":1772,"caption":"Frangipani Bl\u00fcten im Ete Australe"},{"@type":"BreadcrumbList","@id":"https:\/\/www.inselreunion.de\/index.php\/ylang-ylang-und-vanille-auf-la-reunion\/#breadcrumb","itemListElement":[{"@type":"ListItem","position":1,"name":"Startseite","item":"https:\/\/www.inselreunion.de\/"},{"@type":"ListItem","position":2,"name":"Vanille und Ylang Ylang auf La R\u00e9union"}]},{"@type":"WebSite","@id":"https:\/\/www.inselreunion.de\/#website","url":"https:\/\/www.inselreunion.de\/","name":"Insel La Reunion","description":"Insel La Reunion","publisher":{"@id":"https:\/\/www.inselreunion.de\/#organization"},"inLanguage":"de"},{"@type":"Organization","@id":"https:\/\/www.inselreunion.de\/#organization","name":"Insel La Reunion","url":"https:\/\/www.inselreunion.de\/","logo":{"@type":"ImageObject","inLanguage":"de","@id":"https:\/\/www.inselreunion.de\/#\/schema\/logo\/image\/","url":"https:\/\/www.inselreunion.de\/wp-content\/uploads\/2022\/01\/cropped-alizee_logo.png","contentUrl":"https:\/\/www.inselreunion.de\/wp-content\/uploads\/2022\/01\/cropped-alizee_logo.png","width":300,"height":149,"caption":"Insel La Reunion"},"image":{"@id":"https:\/\/www.inselreunion.de\/#\/schema\/logo\/image\/"}},{"@type":"Person","@id":"https:\/\/www.inselreunion.de\/#\/schema\/person\/1153541f4ce4f149c1ba5b32a66bd2f0","name":"Birgit Schumacher","image":{"@type":"ImageObject","inLanguage":"de","@id":"https:\/\/www.inselreunion.de\/#\/schema\/person\/image\/","url":"https:\/\/secure.gravatar.com\/avatar\/85a35a2898b91783ca4614f574bf0d7e4fd9bcaf1d73c38559eaff54095a0dbf?s=96&d=mm&r=g","contentUrl":"https:\/\/secure.gravatar.com\/avatar\/85a35a2898b91783ca4614f574bf0d7e4fd9bcaf1d73c38559eaff54095a0dbf?s=96&d=mm&r=g","caption":"Birgit Schumacher"},"description":"Die Reiseveranstalterin Birgit Schumacher, Gesch\u00e4ftsf\u00fchrerin der Agentur alizee-Reisen, ist seit \u00fcber 30 Jahren spezialisiert auf die Inselwelt der Maskarenen. Sie verbrachte \u00fcber sieben Jahre auf der Insel La R\u00e9union und ist als spezialisierte Reiseveranstalterin regelm\u00e4\u00dfig vor Ort.","sameAs":["http:\/\/alizee-reisen.de","https:\/\/www.facebook.com\/indischerozean","https:\/\/www.instagram.com\/alizeereisen\/?hl=de"],"url":"https:\/\/www.inselreunion.de\/index.php\/author\/birgit\/"}]}},"_links":{"self":[{"href":"https:\/\/www.inselreunion.de\/index.php\/wp-json\/wp\/v2\/posts\/86","targetHints":{"allow":["GET"]}}],"collection":[{"href":"https:\/\/www.inselreunion.de\/index.php\/wp-json\/wp\/v2\/posts"}],"about":[{"href":"https:\/\/www.inselreunion.de\/index.php\/wp-json\/wp\/v2\/types\/post"}],"author":[{"embeddable":true,"href":"https:\/\/www.inselreunion.de\/index.php\/wp-json\/wp\/v2\/users\/2"}],"replies":[{"embeddable":true,"href":"https:\/\/www.inselreunion.de\/index.php\/wp-json\/wp\/v2\/comments?post=86"}],"version-history":[{"count":18,"href":"https:\/\/www.inselreunion.de\/index.php\/wp-json\/wp\/v2\/posts\/86\/revisions"}],"predecessor-version":[{"id":388,"href":"https:\/\/www.inselreunion.de\/index.php\/wp-json\/wp\/v2\/posts\/86\/revisions\/388"}],"wp:featuredmedia":[{"embeddable":true,"href":"https:\/\/www.inselreunion.de\/index.php\/wp-json\/wp\/v2\/media\/96"}],"wp:attachment":[{"href":"https:\/\/www.inselreunion.de\/index.php\/wp-json\/wp\/v2\/media?parent=86"}],"wp:term":[{"taxonomy":"category","embeddable":true,"href":"https:\/\/www.inselreunion.de\/index.php\/wp-json\/wp\/v2\/categories?post=86"},{"taxonomy":"post_tag","embeddable":true,"href":"https:\/\/www.inselreunion.de\/index.php\/wp-json\/wp\/v2\/tags?post=86"}],"curies":[{"name":"wp","href":"https:\/\/api.w.org\/{rel}","templated":true}]}}